{"id":8677,"date":"2021-12-28T09:00:24","date_gmt":"2021-12-28T07:00:24","guid":{"rendered":"https:\/\/www.cbcsd.cz\/?p=8677"},"modified":"2022-04-13T13:08:20","modified_gmt":"2022-04-13T11:08:20","slug":"circular-views-podcast-episode-vi-circular-built-environment","status":"publish","type":"post","link":"https:\/\/www.cbcsd.cz\/en\/circular-views-podcast-episode-vi-circular-built-environment\/","title":{"rendered":"Circular Views Podcast Episode VI: Circular built environment"},"content":{"rendered":"<div class=\"body\">\n<div class=\"ezxmltext-field\">\n<p><strong>Geneva, 4 December 2021<\/strong>\u00a0&#8211;\u00a0Today, the\u00a0<a href=\"https:\/\/www.wbcsd.org\/Programs\/Circular-Economy\" target=\"_blank\" rel=\"noopener noreferrer\">Circular Economy program<\/a>\u00a0of the World Business Council for Sustainable Development (WBCSD) in collaboration with the <a href=\"https:\/\/www.wbcsd.org\/Programs\/Cities-and-Mobility\/Sustainable-Cities\/Transforming-the-Built-Environment\/Circular-Built-Environment\" target=\"_blank\" rel=\"noopener noreferrer\">Built Environment<\/a> launches <a href=\"https:\/\/www.wbcsd.org\/cvevi\" target=\"_blank\" rel=\"noopener noreferrer\">Episode VI of Circular Views<\/a> &#8211;\u00a0the podcast series to learn about the circular economy.<\/p>\n<p>As the momentum around the circular economy continues to grow, more and more companies become interested in how they can start their journey. Embracing a circular and regenerative approach in the built environment will be key to enable a just transition to a low-carbon economy and limit biodiversity loss.<\/p>\n<p>We have recently published a\u00a0<a href=\"https:\/\/www.wbcsd.org\/gy75e\" target=\"_blank\" rel=\"noopener noreferrer\">new report<\/a>\u00a0that articulates the business case of pursuing circularity in the built environment consisting of the economic value alongside a broader value case, including environmental and social factors. It brings together qualitative and quantitative research identifying how to derive value and who could capture that value.<\/p>\n<p>For the sixth episode of Circular Views podcast, we invited Anna Palm\u00e9r from <a href=\"https:\/\/www.skanska.com\/\" target=\"_blank\" rel=\"noopener noreferrer\">Skanska<\/a> and Johanna Pirinen from <a href=\"https:\/\/www.storaenso.com\/en\/\" target=\"_blank\" rel=\"noopener noreferrer\">Stora Enso<\/a>, who both\u00a0contributed to the report to discuss the key enablers and solutions to building circular.<\/p>\n<p>Stay tuned for more episodes of Circular Views. Listen to it on:<\/p>\n<ul>\n<li><a href=\"https:\/\/apple.co\/3Dh1hth\" target=\"_blank\" rel=\"noopener noreferrer\">iTunes<\/a><\/li>\n<li><a href=\"https:\/\/spoti.fi\/3Dkkw4V\" target=\"_blank\" rel=\"noopener noreferrer\">Spotify<\/a><\/li>\n<\/ul>\n<p>If you missed our previous episodes, you can access them here:<\/p>\n<ul>\n<li>Circular Views Episode I \u2013 <a href=\"https:\/\/www.wbcsd.org\/Programs\/Circular-Economy\/Resources\/Circular-Views-The-podcast-series-on-the-circular-economy\" target=\"_blank\" rel=\"noopener noreferrer\">Circular Metrics<\/a><\/li>\n<li>Circular Views Episode II \u2013 <a href=\"https:\/\/www.wbcsd.org\/Programs\/Circular-Economy\/News\/Circular-Views-podcast-episode-II-the-circular-bioeconomy\" target=\"_blank\" rel=\"noopener noreferrer\">Circular Bioeconomy<\/a><\/li>\n<li>Circular Views Episode III \u2013 <a href=\"https:\/\/www.wbcsd.org\/Programs\/Circular-Economy\/Resources\/Circular-Views-Episode-III-Podcast-on-circular-electronics\" target=\"_blank\" rel=\"noopener noreferrer\">Circular Electronics<\/a><\/li>\n<li>Circular Views Episode IV \u2013 <a href=\"https:\/\/www.wbcsd.org\/Programs\/Circular-Economy\/News\/Circular-Views-podcast-Episode-IV-circular-plastics-packaging\" target=\"_blank\" rel=\"noopener noreferrer\">Circular Plastics &amp; Packaging<\/a><\/li>\n<li>Circular Views Episode V&nbsp;\u2013 <a href=\"https:\/\/www.wbcsd.org\/Programs\/Circular-Economy\/News\/Circular-Views-Episode-V-Podcast-on-the-circular-policy\" target=\"_blank\" rel=\"noopener noreferrer\">Circular Policy<\/a><\/li>\n<\/ul>\n<p><em>Source: <\/em><a href=\"https:\/\/www.wbcsd.org\/Programs\/Circular-Economy\/News\/Circular-Views-Podcast-Episode-VI-Circular-built-environment\" target=\"_blank\" rel=\"noopener noreferrer\"><em>www.wbcsd.org<\/em><\/a><\/p>\n<\/div>\n<\/div>\n","protected":false},"excerpt":{"rendered":"<p>Geneva, 4 December 2021\u00a0&#8211;\u00a0Today, the\u00a0Circular Economy program\u00a0of the World Business Council for Sustainable Development (WBCSD) in collaboration with the Built Environment launches Episode &#8230; <a class=\"cz_readmore\" href=\"https:\/\/www.cbcsd.cz\/en\/circular-views-podcast-episode-vi-circular-built-environment\/\"><i class=\"fa fa-angle-right\" aria-hidden=\"true\"><\/i><span>\u010c\u00edst v\u00edce<\/span><\/a><\/p>\n","protected":false},"author":1,"featured_media":8679,"comment_status":"closed","ping_status":"open","sticky":false,"template":"","format":"standard","meta":{"footnotes":"","iawp_total_views":0},"categories":[31],"tags":[],"_links":{"self":[{"href":"https:\/\/www.cbcsd.cz\/en\/wp-json\/wp\/v2\/posts\/8677"}],"collection":[{"href":"https:\/\/www.cbcsd.cz\/en\/wp-json\/wp\/v2\/posts"}],"about":[{"href":"https:\/\/www.cbcsd.cz\/en\/wp-json\/wp\/v2\/types\/post"}],"author":[{"embeddable":true,"href":"https:\/\/www.cbcsd.cz\/en\/wp-json\/wp\/v2\/users\/1"}],"replies":[{"embeddable":true,"href":"https:\/\/www.cbcsd.cz\/en\/wp-json\/wp\/v2\/comments?post=8677"}],"version-history":[{"count":2,"href":"https:\/\/www.cbcsd.cz\/en\/wp-json\/wp\/v2\/posts\/8677\/revisions"}],"predecessor-version":[{"id":12297,"href":"https:\/\/www.cbcsd.cz\/en\/wp-json\/wp\/v2\/posts\/8677\/revisions\/12297"}],"wp:featuredmedia":[{"embeddable":true,"href":"https:\/\/www.cbcsd.cz\/en\/wp-json\/wp\/v2\/media\/8679"}],"wp:attachment":[{"href":"https:\/\/www.cbcsd.cz\/en\/wp-json\/wp\/v2\/media?parent=8677"}],"wp:term":[{"taxonomy":"category","embeddable":true,"href":"https:\/\/www.cbcsd.cz\/en\/wp-json\/wp\/v2\/categories?post=8677"},{"taxonomy":"post_tag","embeddable":true,"href":"https:\/\/www.cbcsd.cz\/en\/wp-json\/wp\/v2\/tags?post=8677"}],"curies":[{"name":"wp","href":"https:\/\/api.w.org\/{rel}","templated":true}]}}