{"id":8688,"date":"2021-12-30T09:00:54","date_gmt":"2021-12-30T07:00:54","guid":{"rendered":"https:\/\/www.cbcsd.cz\/?p=8688"},"modified":"2022-04-13T13:08:17","modified_gmt":"2022-04-13T11:08:17","slug":"meet-amy-senter-director-north-america-at-wbcsd","status":"publish","type":"post","link":"https:\/\/www.cbcsd.cz\/en\/meet-amy-senter-director-north-america-at-wbcsd\/","title":{"rendered":"Meet Amy Senter: Director, North America at WBCSD"},"content":{"rendered":"<div class=\"body\">\n<div class=\"ezxmltext-field\">\n<p>William Sisson, WBCSD&#8217;s&nbsp;Executive Director in North America sat down with <a href=\"https:\/\/www.linkedin.com\/in\/amy-braun-senter-9267071a\/\" target=\"_blank\" rel=\"noopener noreferrer\">Amy Senter<\/a> to ask her a few questions and introduce her further to our readers. Amy took on the role of Director, <a href=\"https:\/\/www.wbcsd.org\/Overview\/About-us\/Our-offices\/North-America\" target=\"_blank\" rel=\"noopener noreferrer\">North America at the World Business Council for Sustainable Development<\/a> (WBCSD) this September, bringing extensive experience in having led global environmental and social sustainability functions for a Fortune 200 corporation \u2014 Kellogg Company. She is an expert in sustainable food systems, nature-based solutions, sustainable manufacturing, cause marketing, sustainable development, and the circular economy.<\/p>\n<p>She is now leading the programs and projects that will enable our North American corporate members at WBCSD to improve their sustainability performance, collaborate across sectors pre-competitively, and truly help drive industry transformation. Focused on the work areas of Food &amp; Nature and Redefining Value \u2014 she is highly passionate about bringing ESG management inside the boardroom and into the finance sector&#8217;s&nbsp;management systems.<\/p>\n<p><strong><em>Here, I ask her a few questions as a &#8220;get to know you!&#8221;<\/em><\/strong><\/p>\n<p><strong>Q:\u00a0\u00a0\u00a0\u00a0\u00a0\u00a0\u00a0\u00a0\u00a0\u00a0WBCSD recently introduced Vision 2050. How will it help corporations transform their businesses?<\/strong><\/p>\n<p>A:\u00a0\u00a0\u00a0\u00a0\u00a0\u00a0\u00a0\u00a0\u00a0\u00a0WBCSD\u2019s Vision 2050 is right on the mark for what the world needs to do. We need to prioritize and take action against the really critical imperatives that the world is facing, like climate, equity and nature.\u00a0I hope that I can bring some of that prioritization and implementation lens to the work that we do at WBCSD, and be able to contribute to some of the global conversations on these really important issues.<\/p>\n<p><strong>Q:\u00a0\u00a0\u00a0\u00a0\u00a0\u00a0\u00a0\u00a0\u00a0\u00a0What will you specifically be responsible for in your day-to-day activities?<\/strong><\/p>\n<p>A:\u00a0\u00a0\u00a0\u00a0\u00a0\u00a0\u00a0\u00a0\u00a0\u00a0\u00a0One of the key things that I\u2019ll be working on is how can I help support the North American members and bring to life some of the work that we do on food and nature.\u00a0There\u2019s\u00a0so much tremendous work that the organization does in this space and so vitally important to all of the key imperatives\u00a0that we have.<\/p>\n<p><strong>Q:\u00a0\u00a0\u00a0\u00a0\u00a0\u00a0\u00a0\u00a0\u00a0\u00a0In addition to food and nature, what else will you be doing?<\/strong><\/p>\n<p>A:\u00a0\u00a0\u00a0\u00a0\u00a0\u00a0\u00a0\u00a0\u00a0\u00a0The other part of the work that I\u2019ll be leading for the North America team is around redefining value. As we all know E.S.G. topics are just exploding. The interest from finance communities to unlock new green financing to Green portfolios&#8211;it\u2019s everywhere in the news and it\u2019s something that\u2019s so important to our members. Members who are publicly traded or who are being invested in, as well as members who are asset managers themselves.<\/p>\n<p><strong>Q:\u00a0\u00a0\u00a0\u00a0\u00a0\u00a0\u00a0\u00a0\u00a0\u00a0What role will WBCSD play in redefining value?<\/strong><\/p>\n<p>A:\u00a0\u00a0\u00a0\u00a0\u00a0\u00a0\u00a0\u00a0\u00a0\u00a0We help create the right tools and the right measurement techniques so investors and financial institutions can really make educated decisions on their portfolios to take action on climate, nature and equity. For corporate and investors, we need to help them move away from just \u201cwhat risks do I have\u201d and focus on \u201cwhat opportunities do I have.\u201d\u00a0I think sustainability can unlock a lot of opportunity for growth for businesses, if we think about things a little bit differently.<\/p>\n<p><strong>Q:\u00a0\u00a0\u00a0\u00a0\u00a0\u00a0\u00a0\u00a0\u00a0\u00a0What role will WBCSD members play in addressing the issues of food and nature, and redefining value?<\/strong><\/p>\n<p>A:\u00a0\u00a0\u00a0\u00a0\u00a0\u00a0\u00a0\u00a0\u00a0\u00a0Our members are thought of as North Stars within their industry. So, they are able to deliver and execute against their commitments. Importantly, they also can influence others within their industry sectors, share their learnings, and bring others along so they too can take action and take the steps that are necessary to achieve their ESG goals.<\/p>\n<p align=\"center\">&#8212;&#8212;&#8212;-<\/p>\n<p><a id=\"ember70\" href=\"https:\/\/www.linkedin.com\/in\/ACoAAAQFKG4BPDYXp7YCDnJOf5EnOUQUXGeC4ok\" target=\"_blank\" rel=\"noopener noreferrer\">Amy (Braun) Senter<\/a> recently joined <a id=\"ember72\" href=\"https:\/\/www.linkedin.com\/company\/wbcsd\/\" target=\"_blank\" rel=\"noopener noreferrer\">WBCSD \u2013 World Business Council for Sustainable Development<\/a> North America as Director. As a former VP and Chief Sustainability Officer for <a id=\"ember74\" href=\"https:\/\/www.linkedin.com\/company\/kellogg-company\/\" target=\"_blank\" rel=\"noopener noreferrer\">Kellogg Company<\/a>, she brings extensive experience in sustainable food systems, nature-based solutions, sustainable manufacturing, the circular economy, and other key areas. For WBCSD, she\u2019ll specifically focus on Food &amp; Nature and Redefining Value, which are critical <a href=\"https:\/\/www.linkedin.com\/feed\/hashtag\/?keywords=esg\" target=\"_self\" rel=\"noopener noreferrer\">#ESG<\/a> issues today inside the boardroom and throughout the nation\u2019s financial industry.<\/p>\n<\/div>\n<\/div>\n<p><em>Source: <\/em><a href=\"https:\/\/www.wbcsd.org\/Overview\/About-us\/Our-offices\/North-America\/News\/Meet-Amy-Senter-Director-North-America-at-WBCSD\" target=\"_blank\" rel=\"noopener noreferrer\"><em>www.wbcsd.org<\/em><\/a><\/p>\n","protected":false},"excerpt":{"rendered":"<p>William Sisson, WBCSD&#8217;s&nbsp;Executive Director in North America sat down with Amy Senter to ask her a few questions and introduce her further to &#8230; <a class=\"cz_readmore\" href=\"https:\/\/www.cbcsd.cz\/en\/meet-amy-senter-director-north-america-at-wbcsd\/\"><i class=\"fa fa-angle-right\" aria-hidden=\"true\"><\/i><span>\u010c\u00edst v\u00edce<\/span><\/a><\/p>\n","protected":false},"author":1,"featured_media":8686,"comment_status":"closed","ping_status":"open","sticky":false,"template":"","format":"standard","meta":{"footnotes":"","iawp_total_views":0},"categories":[31],"tags":[],"_links":{"self":[{"href":"https:\/\/www.cbcsd.cz\/en\/wp-json\/wp\/v2\/posts\/8688"}],"collection":[{"href":"https:\/\/www.cbcsd.cz\/en\/wp-json\/wp\/v2\/posts"}],"about":[{"href":"https:\/\/www.cbcsd.cz\/en\/wp-json\/wp\/v2\/types\/post"}],"author":[{"embeddable":true,"href":"https:\/\/www.cbcsd.cz\/en\/wp-json\/wp\/v2\/users\/1"}],"replies":[{"embeddable":true,"href":"https:\/\/www.cbcsd.cz\/en\/wp-json\/wp\/v2\/comments?post=8688"}],"version-history":[{"count":1,"href":"https:\/\/www.cbcsd.cz\/en\/wp-json\/wp\/v2\/posts\/8688\/revisions"}],"predecessor-version":[{"id":8689,"href":"https:\/\/www.cbcsd.cz\/en\/wp-json\/wp\/v2\/posts\/8688\/revisions\/8689"}],"wp:featuredmedia":[{"embeddable":true,"href":"https:\/\/www.cbcsd.cz\/en\/wp-json\/wp\/v2\/media\/8686"}],"wp:attachment":[{"href":"https:\/\/www.cbcsd.cz\/en\/wp-json\/wp\/v2\/media?parent=8688"}],"wp:term":[{"taxonomy":"category","embeddable":true,"href":"https:\/\/www.cbcsd.cz\/en\/wp-json\/wp\/v2\/categories?post=8688"},{"taxonomy":"post_tag","embeddable":true,"href":"https:\/\/www.cbcsd.cz\/en\/wp-json\/wp\/v2\/tags?post=8688"}],"curies":[{"name":"wp","href":"https:\/\/api.w.org\/{rel}","templated":true}]}}